{"id":32807,"date":"2026-06-13T15:58:00","date_gmt":"2026-06-13T15:58:00","guid":{"rendered":"https:\/\/wedodis.co.za\/news\/?p=32807"},"modified":"2026-06-13T15:58:00","modified_gmt":"2026-06-13T15:58:00","slug":"vinicius-junior-brazils-new-hope-for-redemption-at-the-2026-world-cup","status":"publish","type":"post","link":"https:\/\/wedodis.co.za\/news\/vinicius-junior-brazils-new-hope-for-redemption-at-the-2026-world-cup\/","title":{"rendered":"\u201cVin\u00edcius J\u00fanior: Brazil&#8217;s New Hope for Redemption at the 2026 World Cup\u201d"},"content":{"rendered":"<div>\n<p class=\"wp-block-paragraph\">Vin\u00edcius J\u00fanior, the forward for Real Madrid, has expressed his determination to alter the narrative for Brazil and his fellow players in the upcoming 2026 World Cup. He highlighted that his main concern lies not in individual achievements but in uplifting the whole team.<\/p>\n<p class=\"wp-block-paragraph\">In a recent media interaction, Vini stated:<\/p>\n<blockquote class=\"wp-block-quote is-layout-flow wp-block-quote-is-layout-flow\">\n<p class=\"wp-block-paragraph\">There are 8 games left; I can change this story for our country and for the players. I\u2019m not talking about goals or assists, but about playing well and giving the team confidence. It doesn\u2019t matter how many goals I score. What matters is where we get to.<\/p>\n<\/blockquote>\n<p class=\"wp-block-paragraph\">His remarks exemplify a thoughtful, collaborative approach as Brazil seeks to regain its status on the global football stage. Vin\u00edcius prioritizes quality of play, leadership, and team morale over personal metrics.<\/p>\n<figure id=\"attachment_103623\" aria-describedby=\"caption-attachment-103623\" style=\"width: 1024px\" class=\"wp-caption alignnone wp-block-image size-large\"><img loading=\"lazy\" src=\"https:\/\/www.softfootball.com\/wp-content\/uploads\/2026\/04\/shape_cover_sport_c376687209e600fdb98bced6a14a846bed6c8f56f7f64d7abe014c7298338314-1024x576.webp\" decoding=\"async\" width=\"1024\" height=\"576\" alt=\"Vinicius junior. (photo credit: therealchamps media)\" class=\"wp-image-103623\"><figcaption id=\"caption-attachment-103623\" class=\"wp-caption-text\">Vinicius junior. (photo credit: therealchamps media)<\/figcaption><\/figure>\n<p class=\"wp-block-paragraph\">When questioned about his contract renewal with Real Madrid, Vini emphasized that his full concentration is on the World Cup. He indicated that he will address his contract after the tournament, reinforcing that the 2026 World Cup remains his current priority.<\/p>\n<p class=\"wp-block-paragraph\">Softfootball reports that uncertainty surrounds Vin\u00edcius&#8217; future with Real Madrid, despite clear signals of his desire to remain with the club. His contract extends until 2027; however, discussions regarding renewal have reportedly hit a snag due to disagreements over salary and his role in the team.<\/p>\n<\/div>\n<div id=\"wedod-632393132\" class=\"wedod-after-content wedod-entity-placement\"><script async src=\"\/\/pagead2.googlesyndication.com\/pagead\/js\/adsbygoogle.js?client=ca-pub-1458300956780583\" crossorigin=\"anonymous\"><\/script><ins class=\"adsbygoogle\" style=\"display:block;\" data-ad-client=\"ca-pub-1458300956780583\" \ndata-ad-slot=\"\" \ndata-ad-format=\"auto\"><\/ins>\n<script> \n(adsbygoogle = window.adsbygoogle || []).push({}); \n<\/script>\n<\/div>","protected":false},"excerpt":{"rendered":"<p>Vin\u00edcius J\u00fanior, the forward for Real Madrid, has expressed his determination to alter the narrative for Brazil and<\/p>\n","protected":false},"author":5,"featured_media":32808,"comment_status":"open","ping_status":"open","sticky":false,"template":"","format":"standard","meta":{"_monsterinsights_skip_tracking":false,"_uf_show_specific_survey":0,"_uf_disable_surveys":false,"_jetpack_newsletter_access":"","_jetpack_dont_email_post_to_subs":false,"_jetpack_newsletter_tier_id":0,"_jetpack_memberships_contains_paywalled_content":false,"_jetpack_feature_clip_id":0,"_jetpack_memberships_contains_paid_content":false,"footnotes":"","jetpack_publicize_message":"\u201cVin\u00edcius J\u00fanior: Brazil's New Hope for Redemption at the 2026 World Cup\u201d","jetpack_publicize_feature_enabled":true,"jetpack_social_post_already_shared":true,"jetpack_social_options":{"image_generator_settings":{"template":"highway","default_image_id":0,"font":"","enabled":false},"version":2},"jetpack_post_was_ever_published":false},"categories":[3],"tags":[],"class_list":["post-32807","post","type-post","status-publish","format-standard","has-post-thumbnail","hentry","category-sports"],"yoast_head":"<!-- This site is optimized with the Yoast SEO plugin v28.3 - https:\/\/yoast.com\/product\/yoast-seo-wordpress\/ -->\n<title>Vin\u00edcius J\u00fanior: Brazil&#039;s 2026 World Cup Hope<\/title>\n<meta name=\"description\" content=\"Discover how Vin\u00edcius J\u00fanior, Brazil&#039;s rising star, aims to lead his nation to redemption in the 2026 World Cup!\" \/>\n<meta name=\"robots\" content=\"index, follow, max-snippet:-1, max-image-preview:large, max-video-preview:-1\" \/>\n<link rel=\"canonical\" href=\"https:\/\/wedodis.co.za\/news\/vinicius-junior-brazils-new-hope-for-redemption-at-the-2026-world-cup\/\" \/>\n<meta property=\"og:locale\" content=\"en_US\" \/>\n<meta property=\"og:type\" content=\"article\" \/>\n<meta property=\"og:title\" content=\"Vin\u00edcius J\u00fanior: Brazil&#039;s 2026 World Cup Hope\" \/>\n<meta property=\"og:description\" content=\"Discover how Vin\u00edcius J\u00fanior, Brazil&#039;s rising star, aims to lead his nation to redemption in the 2026 World Cup!\" \/>\n<meta property=\"og:url\" content=\"https:\/\/wedodis.co.za\/news\/vinicius-junior-brazils-new-hope-for-redemption-at-the-2026-world-cup\/\" \/>\n<meta property=\"og:site_name\" content=\"We Do Dis News\" \/>\n<meta property=\"article:publisher\" content=\"https:\/\/www.facebook.com\/Wedodis.co.za\" \/>\n<meta property=\"article:published_time\" content=\"2026-06-13T15:58:00+00:00\" \/>\n<meta property=\"og:image\" content=\"https:\/\/wedodis.co.za\/news\/wp-content\/uploads\/2026\/06\/shape_cover_sport_c376687209e600fdb98bced6a14a846bed6c8f56f7f64d7abe014c7298338314.webp\" \/>\n\t<meta property=\"og:image:width\" content=\"1024\" \/>\n\t<meta property=\"og:image:height\" content=\"576\" \/>\n\t<meta property=\"og:image:type\" content=\"image\/webp\" \/>\n<meta name=\"author\" content=\"Sello Mojaring\" \/>\n<meta name=\"twitter:card\" content=\"summary_large_image\" \/>\n<meta name=\"twitter:creator\" content=\"@Man_Gale\" \/>\n<meta name=\"twitter:site\" content=\"@Man_Gale\" \/>\n<meta name=\"twitter:label1\" content=\"Written by\" \/>\n\t<meta name=\"twitter:data1\" content=\"Sello Mojaring\" \/>\n\t<meta name=\"twitter:label2\" content=\"Est. reading time\" \/>\n\t<meta name=\"twitter:data2\" content=\"1 minute\" \/>\n<script type=\"application\/ld+json\" class=\"yoast-schema-graph\">{\"@context\":\"https:\\\/\\\/schema.org\",\"@graph\":[{\"@type\":\"Article\",\"@id\":\"https:\\\/\\\/wedodis.co.za\\\/news\\\/vinicius-junior-brazils-new-hope-for-redemption-at-the-2026-world-cup\\\/#article\",\"isPartOf\":{\"@id\":\"https:\\\/\\\/wedodis.co.za\\\/news\\\/vinicius-junior-brazils-new-hope-for-redemption-at-the-2026-world-cup\\\/\"},\"author\":{\"name\":\"Sello Mojaring\",\"@id\":\"https:\\\/\\\/wedodis.co.za\\\/news\\\/#\\\/schema\\\/person\\\/386686c7943af04d4a1b184818b03ed2\"},\"headline\":\"\u201cVin\u00edcius J\u00fanior: Brazil&#8217;s New Hope for Redemption at the 2026 World Cup\u201d\",\"datePublished\":\"2026-06-13T15:58:00+00:00\",\"mainEntityOfPage\":{\"@id\":\"https:\\\/\\\/wedodis.co.za\\\/news\\\/vinicius-junior-brazils-new-hope-for-redemption-at-the-2026-world-cup\\\/\"},\"wordCount\":257,\"commentCount\":0,\"publisher\":{\"@id\":\"https:\\\/\\\/wedodis.co.za\\\/news\\\/#organization\"},\"image\":{\"@id\":\"https:\\\/\\\/wedodis.co.za\\\/news\\\/vinicius-junior-brazils-new-hope-for-redemption-at-the-2026-world-cup\\\/#primaryimage\"},\"thumbnailUrl\":\"https:\\\/\\\/wedodis.co.za\\\/news\\\/wp-content\\\/uploads\\\/2026\\\/06\\\/shape_cover_sport_c376687209e600fdb98bced6a14a846bed6c8f56f7f64d7abe014c7298338314.webp\",\"articleSection\":[\"Sports\"],\"inLanguage\":\"en-US\",\"potentialAction\":[{\"@type\":\"CommentAction\",\"name\":\"Comment\",\"target\":[\"https:\\\/\\\/wedodis.co.za\\\/news\\\/vinicius-junior-brazils-new-hope-for-redemption-at-the-2026-world-cup\\\/#respond\"]}]},{\"@type\":\"WebPage\",\"@id\":\"https:\\\/\\\/wedodis.co.za\\\/news\\\/vinicius-junior-brazils-new-hope-for-redemption-at-the-2026-world-cup\\\/\",\"url\":\"https:\\\/\\\/wedodis.co.za\\\/news\\\/vinicius-junior-brazils-new-hope-for-redemption-at-the-2026-world-cup\\\/\",\"name\":\"Vin\u00edcius J\u00fanior: Brazil's 2026 World Cup Hope\",\"isPartOf\":{\"@id\":\"https:\\\/\\\/wedodis.co.za\\\/news\\\/#website\"},\"primaryImageOfPage\":{\"@id\":\"https:\\\/\\\/wedodis.co.za\\\/news\\\/vinicius-junior-brazils-new-hope-for-redemption-at-the-2026-world-cup\\\/#primaryimage\"},\"image\":{\"@id\":\"https:\\\/\\\/wedodis.co.za\\\/news\\\/vinicius-junior-brazils-new-hope-for-redemption-at-the-2026-world-cup\\\/#primaryimage\"},\"thumbnailUrl\":\"https:\\\/\\\/wedodis.co.za\\\/news\\\/wp-content\\\/uploads\\\/2026\\\/06\\\/shape_cover_sport_c376687209e600fdb98bced6a14a846bed6c8f56f7f64d7abe014c7298338314.webp\",\"datePublished\":\"2026-06-13T15:58:00+00:00\",\"description\":\"Discover how Vin\u00edcius J\u00fanior, Brazil's rising star, aims to lead his nation to redemption in the 2026 World Cup!\",\"breadcrumb\":{\"@id\":\"https:\\\/\\\/wedodis.co.za\\\/news\\\/vinicius-junior-brazils-new-hope-for-redemption-at-the-2026-world-cup\\\/#breadcrumb\"},\"inLanguage\":\"en-US\",\"potentialAction\":[{\"@type\":\"ReadAction\",\"target\":[\"https:\\\/\\\/wedodis.co.za\\\/news\\\/vinicius-junior-brazils-new-hope-for-redemption-at-the-2026-world-cup\\\/\"]}]},{\"@type\":\"ImageObject\",\"inLanguage\":\"en-US\",\"@id\":\"https:\\\/\\\/wedodis.co.za\\\/news\\\/vinicius-junior-brazils-new-hope-for-redemption-at-the-2026-world-cup\\\/#primaryimage\",\"url\":\"https:\\\/\\\/wedodis.co.za\\\/news\\\/wp-content\\\/uploads\\\/2026\\\/06\\\/shape_cover_sport_c376687209e600fdb98bced6a14a846bed6c8f56f7f64d7abe014c7298338314.webp\",\"contentUrl\":\"https:\\\/\\\/wedodis.co.za\\\/news\\\/wp-content\\\/uploads\\\/2026\\\/06\\\/shape_cover_sport_c376687209e600fdb98bced6a14a846bed6c8f56f7f64d7abe014c7298338314.webp\",\"width\":1024,\"height\":576,\"caption\":\"Vin\u00edcius J\u00fanior: Brazil's Rising Star Eyes World Cup Glory in 2026\"},{\"@type\":\"BreadcrumbList\",\"@id\":\"https:\\\/\\\/wedodis.co.za\\\/news\\\/vinicius-junior-brazils-new-hope-for-redemption-at-the-2026-world-cup\\\/#breadcrumb\",\"itemListElement\":[{\"@type\":\"ListItem\",\"position\":1,\"name\":\"Home\",\"item\":\"https:\\\/\\\/wedodis.co.za\\\/news\\\/\"},{\"@type\":\"ListItem\",\"position\":2,\"name\":\"Sports\",\"item\":\"https:\\\/\\\/wedodis.co.za\\\/news\\\/category\\\/sports\\\/\"},{\"@type\":\"ListItem\",\"position\":3,\"name\":\"\u201cVin\u00edcius J\u00fanior: Brazil&#8217;s New Hope for Redemption at the 2026 World Cup\u201d\"}]},{\"@type\":\"WebSite\",\"@id\":\"https:\\\/\\\/wedodis.co.za\\\/news\\\/#website\",\"url\":\"https:\\\/\\\/wedodis.co.za\\\/news\\\/\",\"name\":\"We Do Dis News\",\"description\":\"Discover World Top News . Pop Culture\",\"publisher\":{\"@id\":\"https:\\\/\\\/wedodis.co.za\\\/news\\\/#organization\"},\"alternateName\":\"wddn\",\"potentialAction\":[{\"@type\":\"SearchAction\",\"target\":{\"@type\":\"EntryPoint\",\"urlTemplate\":\"https:\\\/\\\/wedodis.co.za\\\/news\\\/?s={search_term_string}\"},\"query-input\":{\"@type\":\"PropertyValueSpecification\",\"valueRequired\":true,\"valueName\":\"search_term_string\"}}],\"inLanguage\":\"en-US\"},{\"@type\":\"Organization\",\"@id\":\"https:\\\/\\\/wedodis.co.za\\\/news\\\/#organization\",\"name\":\"We Do Dis News\",\"url\":\"https:\\\/\\\/wedodis.co.za\\\/news\\\/\",\"logo\":{\"@type\":\"ImageObject\",\"inLanguage\":\"en-US\",\"@id\":\"https:\\\/\\\/wedodis.co.za\\\/news\\\/#\\\/schema\\\/logo\\\/image\\\/\",\"url\":\"https:\\\/\\\/wedodis.co.za\\\/news\\\/wp-content\\\/uploads\\\/2026\\\/04\\\/cropped-ChatGPT-Image-Apr-27-2026-11_47_48-AM-1.png\",\"contentUrl\":\"https:\\\/\\\/wedodis.co.za\\\/news\\\/wp-content\\\/uploads\\\/2026\\\/04\\\/cropped-ChatGPT-Image-Apr-27-2026-11_47_48-AM-1.png\",\"width\":400,\"height\":400,\"caption\":\"We Do Dis News\"},\"image\":{\"@id\":\"https:\\\/\\\/wedodis.co.za\\\/news\\\/#\\\/schema\\\/logo\\\/image\\\/\"},\"sameAs\":[\"https:\\\/\\\/www.facebook.com\\\/Wedodis.co.za\",\"https:\\\/\\\/x.com\\\/Man_Gale\",\"https:\\\/\\\/www.linkedin.com\\\/in\\\/lufuno-mangale-b9b37790\",\"https:\\\/\\\/wa.me\\\/\"]},{\"@type\":\"Person\",\"@id\":\"https:\\\/\\\/wedodis.co.za\\\/news\\\/#\\\/schema\\\/person\\\/386686c7943af04d4a1b184818b03ed2\",\"name\":\"Sello Mojaring\",\"image\":{\"@type\":\"ImageObject\",\"inLanguage\":\"en-US\",\"@id\":\"https:\\\/\\\/secure.gravatar.com\\\/avatar\\\/cab75517be9fd7ca6d4805d2fe7fb4c97a8e420fa0f53f5c9c3d76789f5e43de?s=96&d=mm&r=g\",\"url\":\"https:\\\/\\\/secure.gravatar.com\\\/avatar\\\/cab75517be9fd7ca6d4805d2fe7fb4c97a8e420fa0f53f5c9c3d76789f5e43de?s=96&d=mm&r=g\",\"contentUrl\":\"https:\\\/\\\/secure.gravatar.com\\\/avatar\\\/cab75517be9fd7ca6d4805d2fe7fb4c97a8e420fa0f53f5c9c3d76789f5e43de?s=96&d=mm&r=g\",\"caption\":\"Sello Mojaring\"},\"url\":\"https:\\\/\\\/wedodis.co.za\\\/news\\\/author\\\/sello-mojaring\\\/\"}]}<\/script>\n<!-- \/ Yoast SEO plugin. -->","yoast_head_json":{"title":"Vin\u00edcius J\u00fanior: Brazil's 2026 World Cup Hope","description":"Discover how Vin\u00edcius J\u00fanior, Brazil's rising star, aims to lead his nation to redemption in the 2026 World Cup!","robots":{"index":"index","follow":"follow","max-snippet":"max-snippet:-1","max-image-preview":"max-image-preview:large","max-video-preview":"max-video-preview:-1"},"canonical":"https:\/\/wedodis.co.za\/news\/vinicius-junior-brazils-new-hope-for-redemption-at-the-2026-world-cup\/","og_locale":"en_US","og_type":"article","og_title":"Vin\u00edcius J\u00fanior: Brazil's 2026 World Cup Hope","og_description":"Discover how Vin\u00edcius J\u00fanior, Brazil's rising star, aims to lead his nation to redemption in the 2026 World Cup!","og_url":"https:\/\/wedodis.co.za\/news\/vinicius-junior-brazils-new-hope-for-redemption-at-the-2026-world-cup\/","og_site_name":"We Do Dis News","article_publisher":"https:\/\/www.facebook.com\/Wedodis.co.za","article_published_time":"2026-06-13T15:58:00+00:00","og_image":[{"width":1024,"height":576,"url":"https:\/\/wedodis.co.za\/news\/wp-content\/uploads\/2026\/06\/shape_cover_sport_c376687209e600fdb98bced6a14a846bed6c8f56f7f64d7abe014c7298338314.webp","type":"image\/webp"}],"author":"Sello Mojaring","twitter_card":"summary_large_image","twitter_creator":"@Man_Gale","twitter_site":"@Man_Gale","twitter_misc":{"Written by":"Sello Mojaring","Est. reading time":"1 minute"},"schema":{"@context":"https:\/\/schema.org","@graph":[{"@type":"Article","@id":"https:\/\/wedodis.co.za\/news\/vinicius-junior-brazils-new-hope-for-redemption-at-the-2026-world-cup\/#article","isPartOf":{"@id":"https:\/\/wedodis.co.za\/news\/vinicius-junior-brazils-new-hope-for-redemption-at-the-2026-world-cup\/"},"author":{"name":"Sello Mojaring","@id":"https:\/\/wedodis.co.za\/news\/#\/schema\/person\/386686c7943af04d4a1b184818b03ed2"},"headline":"\u201cVin\u00edcius J\u00fanior: Brazil&#8217;s New Hope for Redemption at the 2026 World Cup\u201d","datePublished":"2026-06-13T15:58:00+00:00","mainEntityOfPage":{"@id":"https:\/\/wedodis.co.za\/news\/vinicius-junior-brazils-new-hope-for-redemption-at-the-2026-world-cup\/"},"wordCount":257,"commentCount":0,"publisher":{"@id":"https:\/\/wedodis.co.za\/news\/#organization"},"image":{"@id":"https:\/\/wedodis.co.za\/news\/vinicius-junior-brazils-new-hope-for-redemption-at-the-2026-world-cup\/#primaryimage"},"thumbnailUrl":"https:\/\/wedodis.co.za\/news\/wp-content\/uploads\/2026\/06\/shape_cover_sport_c376687209e600fdb98bced6a14a846bed6c8f56f7f64d7abe014c7298338314.webp","articleSection":["Sports"],"inLanguage":"en-US","potentialAction":[{"@type":"CommentAction","name":"Comment","target":["https:\/\/wedodis.co.za\/news\/vinicius-junior-brazils-new-hope-for-redemption-at-the-2026-world-cup\/#respond"]}]},{"@type":"WebPage","@id":"https:\/\/wedodis.co.za\/news\/vinicius-junior-brazils-new-hope-for-redemption-at-the-2026-world-cup\/","url":"https:\/\/wedodis.co.za\/news\/vinicius-junior-brazils-new-hope-for-redemption-at-the-2026-world-cup\/","name":"Vin\u00edcius J\u00fanior: Brazil's 2026 World Cup Hope","isPartOf":{"@id":"https:\/\/wedodis.co.za\/news\/#website"},"primaryImageOfPage":{"@id":"https:\/\/wedodis.co.za\/news\/vinicius-junior-brazils-new-hope-for-redemption-at-the-2026-world-cup\/#primaryimage"},"image":{"@id":"https:\/\/wedodis.co.za\/news\/vinicius-junior-brazils-new-hope-for-redemption-at-the-2026-world-cup\/#primaryimage"},"thumbnailUrl":"https:\/\/wedodis.co.za\/news\/wp-content\/uploads\/2026\/06\/shape_cover_sport_c376687209e600fdb98bced6a14a846bed6c8f56f7f64d7abe014c7298338314.webp","datePublished":"2026-06-13T15:58:00+00:00","description":"Discover how Vin\u00edcius J\u00fanior, Brazil's rising star, aims to lead his nation to redemption in the 2026 World Cup!","breadcrumb":{"@id":"https:\/\/wedodis.co.za\/news\/vinicius-junior-brazils-new-hope-for-redemption-at-the-2026-world-cup\/#breadcrumb"},"inLanguage":"en-US","potentialAction":[{"@type":"ReadAction","target":["https:\/\/wedodis.co.za\/news\/vinicius-junior-brazils-new-hope-for-redemption-at-the-2026-world-cup\/"]}]},{"@type":"ImageObject","inLanguage":"en-US","@id":"https:\/\/wedodis.co.za\/news\/vinicius-junior-brazils-new-hope-for-redemption-at-the-2026-world-cup\/#primaryimage","url":"https:\/\/wedodis.co.za\/news\/wp-content\/uploads\/2026\/06\/shape_cover_sport_c376687209e600fdb98bced6a14a846bed6c8f56f7f64d7abe014c7298338314.webp","contentUrl":"https:\/\/wedodis.co.za\/news\/wp-content\/uploads\/2026\/06\/shape_cover_sport_c376687209e600fdb98bced6a14a846bed6c8f56f7f64d7abe014c7298338314.webp","width":1024,"height":576,"caption":"Vin\u00edcius J\u00fanior: Brazil's Rising Star Eyes World Cup Glory in 2026"},{"@type":"BreadcrumbList","@id":"https:\/\/wedodis.co.za\/news\/vinicius-junior-brazils-new-hope-for-redemption-at-the-2026-world-cup\/#breadcrumb","itemListElement":[{"@type":"ListItem","position":1,"name":"Home","item":"https:\/\/wedodis.co.za\/news\/"},{"@type":"ListItem","position":2,"name":"Sports","item":"https:\/\/wedodis.co.za\/news\/category\/sports\/"},{"@type":"ListItem","position":3,"name":"\u201cVin\u00edcius J\u00fanior: Brazil&#8217;s New Hope for Redemption at the 2026 World Cup\u201d"}]},{"@type":"WebSite","@id":"https:\/\/wedodis.co.za\/news\/#website","url":"https:\/\/wedodis.co.za\/news\/","name":"We Do Dis News","description":"Discover World Top News . Pop Culture","publisher":{"@id":"https:\/\/wedodis.co.za\/news\/#organization"},"alternateName":"wddn","potentialAction":[{"@type":"SearchAction","target":{"@type":"EntryPoint","urlTemplate":"https:\/\/wedodis.co.za\/news\/?s={search_term_string}"},"query-input":{"@type":"PropertyValueSpecification","valueRequired":true,"valueName":"search_term_string"}}],"inLanguage":"en-US"},{"@type":"Organization","@id":"https:\/\/wedodis.co.za\/news\/#organization","name":"We Do Dis News","url":"https:\/\/wedodis.co.za\/news\/","logo":{"@type":"ImageObject","inLanguage":"en-US","@id":"https:\/\/wedodis.co.za\/news\/#\/schema\/logo\/image\/","url":"https:\/\/wedodis.co.za\/news\/wp-content\/uploads\/2026\/04\/cropped-ChatGPT-Image-Apr-27-2026-11_47_48-AM-1.png","contentUrl":"https:\/\/wedodis.co.za\/news\/wp-content\/uploads\/2026\/04\/cropped-ChatGPT-Image-Apr-27-2026-11_47_48-AM-1.png","width":400,"height":400,"caption":"We Do Dis News"},"image":{"@id":"https:\/\/wedodis.co.za\/news\/#\/schema\/logo\/image\/"},"sameAs":["https:\/\/www.facebook.com\/Wedodis.co.za","https:\/\/x.com\/Man_Gale","https:\/\/www.linkedin.com\/in\/lufuno-mangale-b9b37790","https:\/\/wa.me\/"]},{"@type":"Person","@id":"https:\/\/wedodis.co.za\/news\/#\/schema\/person\/386686c7943af04d4a1b184818b03ed2","name":"Sello Mojaring","image":{"@type":"ImageObject","inLanguage":"en-US","@id":"https:\/\/secure.gravatar.com\/avatar\/cab75517be9fd7ca6d4805d2fe7fb4c97a8e420fa0f53f5c9c3d76789f5e43de?s=96&d=mm&r=g","url":"https:\/\/secure.gravatar.com\/avatar\/cab75517be9fd7ca6d4805d2fe7fb4c97a8e420fa0f53f5c9c3d76789f5e43de?s=96&d=mm&r=g","contentUrl":"https:\/\/secure.gravatar.com\/avatar\/cab75517be9fd7ca6d4805d2fe7fb4c97a8e420fa0f53f5c9c3d76789f5e43de?s=96&d=mm&r=g","caption":"Sello Mojaring"},"url":"https:\/\/wedodis.co.za\/news\/author\/sello-mojaring\/"}]}},"jetpack_publicize_connections":[],"jetpack_sharing_enabled":true,"jetpack_featured_media_url":"https:\/\/wedodis.co.za\/news\/wp-content\/uploads\/2026\/06\/shape_cover_sport_c376687209e600fdb98bced6a14a846bed6c8f56f7f64d7abe014c7298338314.webp","_links":{"self":[{"href":"https:\/\/wedodis.co.za\/news\/wp-json\/wp\/v2\/posts\/32807","targetHints":{"allow":["GET"]}}],"collection":[{"href":"https:\/\/wedodis.co.za\/news\/wp-json\/wp\/v2\/posts"}],"about":[{"href":"https:\/\/wedodis.co.za\/news\/wp-json\/wp\/v2\/types\/post"}],"author":[{"embeddable":true,"href":"https:\/\/wedodis.co.za\/news\/wp-json\/wp\/v2\/users\/5"}],"replies":[{"embeddable":true,"href":"https:\/\/wedodis.co.za\/news\/wp-json\/wp\/v2\/comments?post=32807"}],"version-history":[{"count":2,"href":"https:\/\/wedodis.co.za\/news\/wp-json\/wp\/v2\/posts\/32807\/revisions"}],"predecessor-version":[{"id":32816,"href":"https:\/\/wedodis.co.za\/news\/wp-json\/wp\/v2\/posts\/32807\/revisions\/32816"}],"wp:featuredmedia":[{"embeddable":true,"href":"https:\/\/wedodis.co.za\/news\/wp-json\/wp\/v2\/media\/32808"}],"wp:attachment":[{"href":"https:\/\/wedodis.co.za\/news\/wp-json\/wp\/v2\/media?parent=32807"}],"wp:term":[{"taxonomy":"category","embeddable":true,"href":"https:\/\/wedodis.co.za\/news\/wp-json\/wp\/v2\/categories?post=32807"},{"taxonomy":"post_tag","embeddable":true,"href":"https:\/\/wedodis.co.za\/news\/wp-json\/wp\/v2\/tags?post=32807"}],"curies":[{"name":"wp","href":"https:\/\/api.w.org\/{rel}","templated":true}]}}